{"id":4624,"date":"2026-01-20T16:49:37","date_gmt":"2026-01-20T16:49:37","guid":{"rendered":"https:\/\/varelayvarela.com.uy\/?p=4624"},"modified":"2026-01-20T16:49:39","modified_gmt":"2026-01-20T16:49:39","slug":"poder-judicial-44","status":"publish","type":"post","link":"https:\/\/varelayvarela.com.uy\/?p=4624","title":{"rendered":"Poder Judicial"},"content":{"rendered":"\n<p>Declaraci\u00f3n de d\u00eda inh\u00e1bil \u2013 24 de diciembre de 2025.<\/p>\n\n\n\n<p>Por Resoluci\u00f3n de la S.C.J. N\u00ba 1688 \/ 2025 de fecha 19 de diciembre de 2025, comunicada por Circular N\u00ba 180 \/ 2025, la Suprema Corte de Justicia resolvi\u00f3 declarar inh\u00e1bil el d\u00eda 24 de diciembre de 2025 para la totalidad de las oficinas del Poder Judicial.<\/p>\n\n\n\n<p>Fuente: <a href=\"https:\/\/www.poderjudicial.gub.uy\/\">https:\/\/www.poderjudicial.gub.uy\/<\/a><\/p>\n","protected":false},"excerpt":{"rendered":"<p>Declaraci\u00f3n de d\u00eda inh\u00e1bil \u2013 24 de diciembre de 2025. Por Resoluci\u00f3n de la S.C.J. N\u00ba 1688 \/ 2025 de fecha 19 de diciembre de 2025, comunicada por Circular N\u00ba 180 \/ 2025, la Suprema Corte de Justicia resolvi\u00f3 declarar&hellip;<\/p>\n","protected":false},"author":1,"featured_media":0,"comment_status":"closed","ping_status":"closed","sticky":false,"template":"","format":"standard","meta":{"footnotes":""},"categories":[1],"tags":[],"post_series":[],"class_list":["post-4624","post","type-post","status-publish","format-standard","hentry","category-uncategorized","entry","no-media"],"_links":{"self":[{"href":"https:\/\/varelayvarela.com.uy\/index.php?rest_route=\/wp\/v2\/posts\/4624","targetHints":{"allow":["GET"]}}],"collection":[{"href":"https:\/\/varelayvarela.com.uy\/index.php?rest_route=\/wp\/v2\/posts"}],"about":[{"href":"https:\/\/varelayvarela.com.uy\/index.php?rest_route=\/wp\/v2\/types\/post"}],"author":[{"embeddable":true,"href":"https:\/\/varelayvarela.com.uy\/index.php?rest_route=\/wp\/v2\/users\/1"}],"replies":[{"embeddable":true,"href":"https:\/\/varelayvarela.com.uy\/index.php?rest_route=%2Fwp%2Fv2%2Fcomments&post=4624"}],"version-history":[{"count":1,"href":"https:\/\/varelayvarela.com.uy\/index.php?rest_route=\/wp\/v2\/posts\/4624\/revisions"}],"predecessor-version":[{"id":4626,"href":"https:\/\/varelayvarela.com.uy\/index.php?rest_route=\/wp\/v2\/posts\/4624\/revisions\/4626"}],"wp:attachment":[{"href":"https:\/\/varelayvarela.com.uy\/index.php?rest_route=%2Fwp%2Fv2%2Fmedia&parent=4624"}],"wp:term":[{"taxonomy":"category","embeddable":true,"href":"https:\/\/varelayvarela.com.uy\/index.php?rest_route=%2Fwp%2Fv2%2Fcategories&post=4624"},{"taxonomy":"post_tag","embeddable":true,"href":"https:\/\/varelayvarela.com.uy\/index.php?rest_route=%2Fwp%2Fv2%2Ftags&post=4624"},{"taxonomy":"post_series","embeddable":true,"href":"https:\/\/varelayvarela.com.uy\/index.php?rest_route=%2Fwp%2Fv2%2Fpost_series&post=4624"}],"curies":[{"name":"wp","href":"https:\/\/api.w.org\/{rel}","templated":true}]}}