{"id":4273,"date":"2023-09-21T19:05:58","date_gmt":"2023-09-21T19:05:58","guid":{"rendered":"https:\/\/varelayvarela.com.uy\/?p=4273"},"modified":"2025-03-28T18:48:33","modified_gmt":"2025-03-28T18:48:33","slug":"m-t-s-s-7","status":"publish","type":"post","link":"https:\/\/varelayvarela.com.uy\/?p=4273","title":{"rendered":"M.T.S.S."},"content":{"rendered":"\n<p>Se encuentra operativo el Registro de Personer\u00eda Jur\u00eddica de las Organizaciones de Trabajadores y Empleadores. El tr\u00e1mite se inicia en l\u00ednea y no tiene costo para las organizaciones.<\/p>\n\n\n\n<p>Por mayor informaci\u00f3n: <a href=\"https:\/\/www.gub.uy\/ministerio-trabajo-seguridad-social\/comunicacion\/noticias\/comenzo-funcionar-registro-personeria-juridica-organizaciones-trabajadores\">AQU\u00cd.<\/a><\/p>\n\n\n\n<p>Fuente: <a href=\"https:\/\/www.gub.uy\/ministerio-trabajo-seguridad-social\/\">https:\/\/www.gub.uy\/ministerio-trabajo-seguridad-social\/<\/a><\/p>\n","protected":false},"excerpt":{"rendered":"<p>Se encuentra operativo el Registro de Personer\u00eda Jur\u00eddica de las Organizaciones de Trabajadores y Empleadores. El tr\u00e1mite se inicia en l\u00ednea y no tiene costo para las organizaciones. Por mayor informaci\u00f3n: AQU\u00cd. Fuente: https:\/\/www.gub.uy\/ministerio-trabajo-seguridad-social\/<\/p>\n","protected":false},"author":1,"featured_media":4274,"comment_status":"closed","ping_status":"closed","sticky":false,"template":"","format":"standard","meta":{"footnotes":""},"categories":[1],"tags":[],"post_series":[],"class_list":["post-4273","post","type-post","status-publish","format-standard","has-post-thumbnail","hentry","category-uncategorized","entry","has-media"],"_links":{"self":[{"href":"https:\/\/varelayvarela.com.uy\/index.php?rest_route=\/wp\/v2\/posts\/4273","targetHints":{"allow":["GET"]}}],"collection":[{"href":"https:\/\/varelayvarela.com.uy\/index.php?rest_route=\/wp\/v2\/posts"}],"about":[{"href":"https:\/\/varelayvarela.com.uy\/index.php?rest_route=\/wp\/v2\/types\/post"}],"author":[{"embeddable":true,"href":"https:\/\/varelayvarela.com.uy\/index.php?rest_route=\/wp\/v2\/users\/1"}],"replies":[{"embeddable":true,"href":"https:\/\/varelayvarela.com.uy\/index.php?rest_route=%2Fwp%2Fv2%2Fcomments&post=4273"}],"version-history":[{"count":1,"href":"https:\/\/varelayvarela.com.uy\/index.php?rest_route=\/wp\/v2\/posts\/4273\/revisions"}],"predecessor-version":[{"id":4275,"href":"https:\/\/varelayvarela.com.uy\/index.php?rest_route=\/wp\/v2\/posts\/4273\/revisions\/4275"}],"wp:featuredmedia":[{"embeddable":true,"href":"https:\/\/varelayvarela.com.uy\/index.php?rest_route=\/wp\/v2\/media\/4274"}],"wp:attachment":[{"href":"https:\/\/varelayvarela.com.uy\/index.php?rest_route=%2Fwp%2Fv2%2Fmedia&parent=4273"}],"wp:term":[{"taxonomy":"category","embeddable":true,"href":"https:\/\/varelayvarela.com.uy\/index.php?rest_route=%2Fwp%2Fv2%2Fcategories&post=4273"},{"taxonomy":"post_tag","embeddable":true,"href":"https:\/\/varelayvarela.com.uy\/index.php?rest_route=%2Fwp%2Fv2%2Ftags&post=4273"},{"taxonomy":"post_series","embeddable":true,"href":"https:\/\/varelayvarela.com.uy\/index.php?rest_route=%2Fwp%2Fv2%2Fpost_series&post=4273"}],"curies":[{"name":"wp","href":"https:\/\/api.w.org\/{rel}","templated":true}]}}