{"id":4217,"date":"2023-08-10T19:42:04","date_gmt":"2023-08-10T19:42:04","guid":{"rendered":"https:\/\/varelayvarela.com.uy\/?p=4217"},"modified":"2025-03-28T18:48:34","modified_gmt":"2025-03-28T18:48:34","slug":"poder-judicial-27","status":"publish","type":"post","link":"https:\/\/varelayvarela.com.uy\/?p=4217","title":{"rendered":"Poder Judicial"},"content":{"rendered":"\n<p>ORDA recibir\u00e1 postulaci\u00f3n de abogados especializados en infancia y adolescencia.<\/p>\n\n\n\n<p>Por mayor informaci\u00f3n: <a href=\"https:\/\/www.poderjudicial.gub.uy\/novedades\/noticias-institucionales\/item\/8435-orda-recibira-postulacion-de-abogados-especializados-en-infancia-y-adolescencia.html\">AQU\u00cd.<\/a><\/p>\n\n\n\n<p>Fuente: <a href=\"https:\/\/www.poderjudicial.gub.uy\">https:\/\/www.poderjudicial.gub.uy<\/a><\/p>\n","protected":false},"excerpt":{"rendered":"<p>ORDA recibir\u00e1 postulaci\u00f3n de abogados especializados en infancia y adolescencia. Por mayor informaci\u00f3n: AQU\u00cd. Fuente: https:\/\/www.poderjudicial.gub.uy<\/p>\n","protected":false},"author":1,"featured_media":4218,"comment_status":"closed","ping_status":"closed","sticky":false,"template":"","format":"standard","meta":{"footnotes":""},"categories":[1],"tags":[],"post_series":[],"class_list":["post-4217","post","type-post","status-publish","format-standard","has-post-thumbnail","hentry","category-uncategorized","entry","has-media"],"_links":{"self":[{"href":"https:\/\/varelayvarela.com.uy\/index.php?rest_route=\/wp\/v2\/posts\/4217","targetHints":{"allow":["GET"]}}],"collection":[{"href":"https:\/\/varelayvarela.com.uy\/index.php?rest_route=\/wp\/v2\/posts"}],"about":[{"href":"https:\/\/varelayvarela.com.uy\/index.php?rest_route=\/wp\/v2\/types\/post"}],"author":[{"embeddable":true,"href":"https:\/\/varelayvarela.com.uy\/index.php?rest_route=\/wp\/v2\/users\/1"}],"replies":[{"embeddable":true,"href":"https:\/\/varelayvarela.com.uy\/index.php?rest_route=%2Fwp%2Fv2%2Fcomments&post=4217"}],"version-history":[{"count":1,"href":"https:\/\/varelayvarela.com.uy\/index.php?rest_route=\/wp\/v2\/posts\/4217\/revisions"}],"predecessor-version":[{"id":4219,"href":"https:\/\/varelayvarela.com.uy\/index.php?rest_route=\/wp\/v2\/posts\/4217\/revisions\/4219"}],"wp:featuredmedia":[{"embeddable":true,"href":"https:\/\/varelayvarela.com.uy\/index.php?rest_route=\/wp\/v2\/media\/4218"}],"wp:attachment":[{"href":"https:\/\/varelayvarela.com.uy\/index.php?rest_route=%2Fwp%2Fv2%2Fmedia&parent=4217"}],"wp:term":[{"taxonomy":"category","embeddable":true,"href":"https:\/\/varelayvarela.com.uy\/index.php?rest_route=%2Fwp%2Fv2%2Fcategories&post=4217"},{"taxonomy":"post_tag","embeddable":true,"href":"https:\/\/varelayvarela.com.uy\/index.php?rest_route=%2Fwp%2Fv2%2Ftags&post=4217"},{"taxonomy":"post_series","embeddable":true,"href":"https:\/\/varelayvarela.com.uy\/index.php?rest_route=%2Fwp%2Fv2%2Fpost_series&post=4217"}],"curies":[{"name":"wp","href":"https:\/\/api.w.org\/{rel}","templated":true}]}}