{"id":4202,"date":"2023-07-02T23:06:28","date_gmt":"2023-07-02T23:06:28","guid":{"rendered":"https:\/\/varelayvarela.com.uy\/?p=4202"},"modified":"2025-03-28T18:48:34","modified_gmt":"2025-03-28T18:48:34","slug":"decreto-n-195-2023","status":"publish","type":"post","link":"https:\/\/varelayvarela.com.uy\/?p=4202","title":{"rendered":"Decreto N\u00b0 195 \/ 2023"},"content":{"rendered":"\n<p>Se sustituye el inciso segundo del numeral 21 del art\u00edculo 42 del decreto N\u00b0 150\/007, del 26 de abril de 2007.<\/p>\n\n\n\n<p>VISTO: el numeral 21) del art\u00edculo 42 del Decreto N\u00b0 150\/007, de 26 de abril<br>de 2007;<br>RESULTANDO: I) que el Decreto N\u00b0 292\/013, de 11 de setiembre de 2013,<br>flexibiliz\u00f3 en forma transitoria las condiciones de deducci\u00f3n en el Impuesto a<br>las Rentas de las Actividades Econ\u00f3micas (IRAE) del valor fiscal de<br>inmuebles adquiridos para ser destinados a integrar el costo de obras de<br>construcci\u00f3n de determinados inmuebles nuevos;<br>II) que el plazo establecido en el referido Decreto<br>N\u00b0 292\/013, ha sido objeto de diversas pr\u00f3rrogas; la \u00faltima de ellas, a trav\u00e9s<br>del Decreto N\u00b0 376\/021, de 18 de noviembre de 2021, que extendi\u00f3 su<br>aplicaci\u00f3n hasta el 28 de febrero de 2024;<br>III) que estas disposiciones promueven el desarrollo de<br>nuevas inversiones en obras de construcci\u00f3n de inmuebles;<br>CONSIDERANDO: I) la incidencia que tienen dichos bienes en el costo de<br>construcci\u00f3n de inmuebles nuevos;<br>II) que es conveniente darle car\u00e1cter definitivo a las<br>referidas condiciones como forma de facilitar la inversi\u00f3n en dicha actividad;<br>ATENTO: a lo precedentemente expuesto y la facultad concedida por el<br>literal M) del art\u00edculo 22 del T\u00edtulo 4 del Texto Ordenado 1996;<br>EL PRESIDENTE DE LA REP\u00daBLICA<br>D E C R E T A :<br>ART\u00cdCULO 1\u00b0.- Sustit\u00fayese el inciso segundo del numeral 21) del art\u00edculo 42<br>del Decreto N\u00b0 150\/007, de 26 de abril de 2007, por el siguiente:<br>\u201cAsimismo, ser\u00e1 deducible el valor fiscal de los inmuebles adquiridos<br>desde el 1o de julio de 2007 destinados a integrar el costo de ventas<br>de bienes inmuebles nuevos construidos por empresas constructoras<br>o promotoras, o en ejecuci\u00f3n de contratos de fideicomisos de<br>construcci\u00f3n al costo, siempre que la obra en construcci\u00f3n se inscriba<br>ante el Banco de Previsi\u00f3n Social a partir del 1o de setiembre de<br>2013.\u201d<br>ART\u00cdCULO 2\u00b0.- Comuniq\u00faese y arch\u00edvese.<\/p>\n\n\n\n<p>Fuente: <a href=\"https:\/\/www.gub.uy\/presidencia\/\">https:\/\/www.gub.uy\/presidencia\/<\/a><\/p>\n","protected":false},"excerpt":{"rendered":"<p>Se sustituye el inciso segundo del numeral 21 del art\u00edculo 42 del decreto N\u00b0 150\/007, del 26 de abril de 2007. VISTO: el numeral 21) del art\u00edculo 42 del Decreto N\u00b0 150\/007, de 26 de abrilde 2007;RESULTANDO: I) que el&hellip;<\/p>\n","protected":false},"author":1,"featured_media":4203,"comment_status":"closed","ping_status":"closed","sticky":false,"template":"","format":"standard","meta":{"footnotes":""},"categories":[1],"tags":[],"post_series":[],"class_list":["post-4202","post","type-post","status-publish","format-standard","has-post-thumbnail","hentry","category-uncategorized","entry","has-media"],"_links":{"self":[{"href":"https:\/\/varelayvarela.com.uy\/index.php?rest_route=\/wp\/v2\/posts\/4202","targetHints":{"allow":["GET"]}}],"collection":[{"href":"https:\/\/varelayvarela.com.uy\/index.php?rest_route=\/wp\/v2\/posts"}],"about":[{"href":"https:\/\/varelayvarela.com.uy\/index.php?rest_route=\/wp\/v2\/types\/post"}],"author":[{"embeddable":true,"href":"https:\/\/varelayvarela.com.uy\/index.php?rest_route=\/wp\/v2\/users\/1"}],"replies":[{"embeddable":true,"href":"https:\/\/varelayvarela.com.uy\/index.php?rest_route=%2Fwp%2Fv2%2Fcomments&post=4202"}],"version-history":[{"count":1,"href":"https:\/\/varelayvarela.com.uy\/index.php?rest_route=\/wp\/v2\/posts\/4202\/revisions"}],"predecessor-version":[{"id":4204,"href":"https:\/\/varelayvarela.com.uy\/index.php?rest_route=\/wp\/v2\/posts\/4202\/revisions\/4204"}],"wp:featuredmedia":[{"embeddable":true,"href":"https:\/\/varelayvarela.com.uy\/index.php?rest_route=\/wp\/v2\/media\/4203"}],"wp:attachment":[{"href":"https:\/\/varelayvarela.com.uy\/index.php?rest_route=%2Fwp%2Fv2%2Fmedia&parent=4202"}],"wp:term":[{"taxonomy":"category","embeddable":true,"href":"https:\/\/varelayvarela.com.uy\/index.php?rest_route=%2Fwp%2Fv2%2Fcategories&post=4202"},{"taxonomy":"post_tag","embeddable":true,"href":"https:\/\/varelayvarela.com.uy\/index.php?rest_route=%2Fwp%2Fv2%2Ftags&post=4202"},{"taxonomy":"post_series","embeddable":true,"href":"https:\/\/varelayvarela.com.uy\/index.php?rest_route=%2Fwp%2Fv2%2Fpost_series&post=4202"}],"curies":[{"name":"wp","href":"https:\/\/api.w.org\/{rel}","templated":true}]}}