{"id":3359,"date":"2022-03-07T14:38:13","date_gmt":"2022-03-07T14:38:13","guid":{"rendered":"https:\/\/varelayvarela.com.uy\/?p=3359"},"modified":"2022-03-07T14:38:15","modified_gmt":"2022-03-07T14:38:15","slug":"decreto-no-71-2022","status":"publish","type":"post","link":"https:\/\/varelayvarela.com.uy\/?p=3359","title":{"rendered":"Decreto N\u00ba 71 \/ 2022"},"content":{"rendered":"\n<p>Se crea la Junta Nacional de Pol\u00edtica Espacial que funcionar\u00e1 en la \u00f3rbita del Ministerio de Defensa Nacional y asesorar\u00e1 al Poder Ejecutivo en lo atinente a la Pol\u00edtica Espacial de la Rep\u00fablica.<\/p>\n\n\n\n<p>Acceso al texto de la norma: <a href=\"https:\/\/medios.presidencia.gub.uy\/legal\/2022\/decretos\/02\/cons_min_608.pdf\">AQU\u00cd.<\/a><\/p>\n\n\n\n<p>Fuente: <a href=\"https:\/\/www.gub.uy\/presidencia\/\">https:\/\/www.gub.uy\/presidencia\/<\/a><\/p>\n","protected":false},"excerpt":{"rendered":"<p>Se crea la Junta Nacional de Pol\u00edtica Espacial que funcionar\u00e1 en la \u00f3rbita del Ministerio de Defensa Nacional y asesorar\u00e1 al Poder Ejecutivo en lo atinente a la Pol\u00edtica Espacial de la Rep\u00fablica. Acceso al texto de la norma: AQU\u00cd.&hellip;<\/p>\n","protected":false},"author":1,"featured_media":3360,"comment_status":"open","ping_status":"open","sticky":false,"template":"","format":"standard","meta":{"footnotes":""},"categories":[1],"tags":[],"post_series":[],"class_list":["post-3359","post","type-post","status-publish","format-standard","has-post-thumbnail","hentry","category-uncategorized","entry","has-media"],"_links":{"self":[{"href":"https:\/\/varelayvarela.com.uy\/index.php?rest_route=\/wp\/v2\/posts\/3359","targetHints":{"allow":["GET"]}}],"collection":[{"href":"https:\/\/varelayvarela.com.uy\/index.php?rest_route=\/wp\/v2\/posts"}],"about":[{"href":"https:\/\/varelayvarela.com.uy\/index.php?rest_route=\/wp\/v2\/types\/post"}],"author":[{"embeddable":true,"href":"https:\/\/varelayvarela.com.uy\/index.php?rest_route=\/wp\/v2\/users\/1"}],"replies":[{"embeddable":true,"href":"https:\/\/varelayvarela.com.uy\/index.php?rest_route=%2Fwp%2Fv2%2Fcomments&post=3359"}],"version-history":[{"count":1,"href":"https:\/\/varelayvarela.com.uy\/index.php?rest_route=\/wp\/v2\/posts\/3359\/revisions"}],"predecessor-version":[{"id":3361,"href":"https:\/\/varelayvarela.com.uy\/index.php?rest_route=\/wp\/v2\/posts\/3359\/revisions\/3361"}],"wp:featuredmedia":[{"embeddable":true,"href":"https:\/\/varelayvarela.com.uy\/index.php?rest_route=\/wp\/v2\/media\/3360"}],"wp:attachment":[{"href":"https:\/\/varelayvarela.com.uy\/index.php?rest_route=%2Fwp%2Fv2%2Fmedia&parent=3359"}],"wp:term":[{"taxonomy":"category","embeddable":true,"href":"https:\/\/varelayvarela.com.uy\/index.php?rest_route=%2Fwp%2Fv2%2Fcategories&post=3359"},{"taxonomy":"post_tag","embeddable":true,"href":"https:\/\/varelayvarela.com.uy\/index.php?rest_route=%2Fwp%2Fv2%2Ftags&post=3359"},{"taxonomy":"post_series","embeddable":true,"href":"https:\/\/varelayvarela.com.uy\/index.php?rest_route=%2Fwp%2Fv2%2Fpost_series&post=3359"}],"curies":[{"name":"wp","href":"https:\/\/api.w.org\/{rel}","templated":true}]}}