{"id":2898,"date":"2021-05-19T16:58:45","date_gmt":"2021-05-19T16:58:45","guid":{"rendered":"https:\/\/varelayvarela.com.uy\/?p=2898"},"modified":"2021-05-19T16:58:46","modified_gmt":"2021-05-19T16:58:46","slug":"prorroga-del-subsidio-por-enfermedad-para-mayores-de-65-anos","status":"publish","type":"post","link":"https:\/\/varelayvarela.com.uy\/?p=2898","title":{"rendered":"Pr\u00f3rroga del subsidio por enfermedad para mayores de 65 a\u00f1os."},"content":{"rendered":"\n<p>Nuevo Decreto del Gobierno prorroga hasta fines de junio el subsidio por enfermedad para que los trabajadores con 65 a\u00f1os o m\u00e1s puedan permanecer en aislamiento por 30 d\u00edas, seg\u00fan determinen y comuniquen las empresas al Banco de Previsi\u00f3n Social.<\/p>\n\n\n\n<div class=\"wp-block-file\"><a href=\"https:\/\/varelayvarela.com.uy\/wp-content\/uploads\/2021\/05\/Mayores-de-65-anos..pdf\">Acceso al texto completo de la norma:<\/a><a href=\"https:\/\/varelayvarela.com.uy\/wp-content\/uploads\/2021\/05\/Mayores-de-65-anos..pdf\" class=\"wp-block-file__button\" download>Descarga<\/a><\/div>\n\n\n\n<p>Fuente: <a href=\"https:\/\/www.gub.uy\/ministerio-trabajo-seguridad-social\/\">https:\/\/www.gub.uy\/ministerio-trabajo-seguridad-social\/<\/a><\/p>\n","protected":false},"excerpt":{"rendered":"<p>Nuevo Decreto del Gobierno prorroga hasta fines de junio el subsidio por enfermedad para que los trabajadores con 65 a\u00f1os o m\u00e1s puedan permanecer en aislamiento por 30 d\u00edas, seg\u00fan determinen y comuniquen las empresas al Banco de Previsi\u00f3n Social.&hellip;<\/p>\n","protected":false},"author":1,"featured_media":2900,"comment_status":"open","ping_status":"open","sticky":false,"template":"","format":"standard","meta":{"footnotes":""},"categories":[1],"tags":[],"post_series":[],"class_list":["post-2898","post","type-post","status-publish","format-standard","has-post-thumbnail","hentry","category-uncategorized","entry","has-media"],"_links":{"self":[{"href":"https:\/\/varelayvarela.com.uy\/index.php?rest_route=\/wp\/v2\/posts\/2898","targetHints":{"allow":["GET"]}}],"collection":[{"href":"https:\/\/varelayvarela.com.uy\/index.php?rest_route=\/wp\/v2\/posts"}],"about":[{"href":"https:\/\/varelayvarela.com.uy\/index.php?rest_route=\/wp\/v2\/types\/post"}],"author":[{"embeddable":true,"href":"https:\/\/varelayvarela.com.uy\/index.php?rest_route=\/wp\/v2\/users\/1"}],"replies":[{"embeddable":true,"href":"https:\/\/varelayvarela.com.uy\/index.php?rest_route=%2Fwp%2Fv2%2Fcomments&post=2898"}],"version-history":[{"count":1,"href":"https:\/\/varelayvarela.com.uy\/index.php?rest_route=\/wp\/v2\/posts\/2898\/revisions"}],"predecessor-version":[{"id":2901,"href":"https:\/\/varelayvarela.com.uy\/index.php?rest_route=\/wp\/v2\/posts\/2898\/revisions\/2901"}],"wp:featuredmedia":[{"embeddable":true,"href":"https:\/\/varelayvarela.com.uy\/index.php?rest_route=\/wp\/v2\/media\/2900"}],"wp:attachment":[{"href":"https:\/\/varelayvarela.com.uy\/index.php?rest_route=%2Fwp%2Fv2%2Fmedia&parent=2898"}],"wp:term":[{"taxonomy":"category","embeddable":true,"href":"https:\/\/varelayvarela.com.uy\/index.php?rest_route=%2Fwp%2Fv2%2Fcategories&post=2898"},{"taxonomy":"post_tag","embeddable":true,"href":"https:\/\/varelayvarela.com.uy\/index.php?rest_route=%2Fwp%2Fv2%2Ftags&post=2898"},{"taxonomy":"post_series","embeddable":true,"href":"https:\/\/varelayvarela.com.uy\/index.php?rest_route=%2Fwp%2Fv2%2Fpost_series&post=2898"}],"curies":[{"name":"wp","href":"https:\/\/api.w.org\/{rel}","templated":true}]}}