{"id":2829,"date":"2021-04-13T15:19:42","date_gmt":"2021-04-13T15:19:42","guid":{"rendered":"https:\/\/varelayvarela.com.uy\/?p=2829"},"modified":"2021-04-13T15:19:44","modified_gmt":"2021-04-13T15:19:44","slug":"decreto-no-102-2021","status":"publish","type":"post","link":"https:\/\/varelayvarela.com.uy\/?p=2829","title":{"rendered":"Decreto N\u00ba 102 \/ 2021"},"content":{"rendered":"\n<p>Disp\u00f3nese la incorporaci\u00f3n al ordenamiento jur\u00eddico nacional de la Directiva No 75\/20 de la Comisi\u00f3n de Comercio del MERCOSUR.<\/p>\n\n\n\n<p>Montevideo, 6 de Abril de 2021<\/p>\n\n\n\n<p><strong>VISTO:&nbsp;<\/strong>la Directiva No 75\/20 de la Comisi\u00f3n de Comercio del Mercosur;<\/p>\n\n\n\n<p><strong>RESULTANDO: I)&nbsp;<\/strong>que la mencionada Directiva aprueba la rebaja arancelaria solicitada por la Rep\u00fablica Oriental del Uruguay para la importaci\u00f3n de 16 (diescis\u00e9is) unidades de 28 (veintiocho) viales cada una, del medicamento \u201cTeduglutida\u201d con al\u00edcuota arancelaria de 0% (cero por ciento), al amparo de la Resoluci\u00f3n No 49\/19 del Grupo Mercado Com\u00fan;<\/p>\n\n\n\n<p><strong>II)&nbsp;<\/strong>que de acuerdo a lo que dispone el art\u00edculo 2o de dicha Directiva, la misma debe ser incorporada s\u00f3lo al ordenamiento jur\u00eddico de la Rep\u00fablica Oriental del Uruguay;<\/p>\n\n\n\n<p><strong>III)&nbsp;<\/strong>que el art\u00edculo 38 del Protocolo de Ouro Preto, aprobado por la Ley No 16.712, de 1o de setiembre de 1995, por el cual los Estados Partes del Mercosur se comprometen a adoptar todas las medidas necesarias para asegurar en sus respectivos territorios el cumplimiento de las normas emanadas de los \u00f3rganos previstos en el art\u00edculo 2o de dicho Protocolo;<\/p>\n\n\n\n<p><strong>CONSIDERANDO:&nbsp;<\/strong>que en cumplimiento de las disposiciones mencionadas precedentes, corresponde proceder a incorporar al ordenamiento jur\u00eddico nacional la Directiva a la que alude el Visto;<\/p>\n\n\n\n<p><strong>ATENTO:\u00a0<\/strong>a lo expuesto;<br><strong>EL PRESIDENTE DE LA REP\u00daBLIC<\/strong>A <strong>DECRETA:<\/strong><\/p>\n\n\n\n<p><strong>ART\u00cdCULO 1o.-&nbsp;<\/strong>Disp\u00f3nese la incorporaci\u00f3n al ordenamiento jur\u00eddico nacional de la Directiva No 75\/20 de la Comisi\u00f3n de Comercio del Mercosur, cuyo texto se anexa como parte integrante del presente Decreto.<\/p>\n\n\n\n<p><strong>ART\u00cdCULO 2o.-\u00a0<\/strong>Comun\u00edquese a la Secretar\u00eda del Mercosur; publ\u00edquese y arch\u00edvese.<\/p>\n\n\n\n<p><strong>LACALLE POU LUIS<\/strong>; AZUCENA ARBELECHE; FRANCISCO BUSTILLO; DANIEL SALINAS.<\/p>\n\n\n\n<p><strong>ANEXO I <\/strong><\/p>\n\n\n\n<p><strong>MERCOSUR\/CCM\/DIR. No 75\/20<\/strong><\/p>\n\n\n\n<p><strong>ACCIONES PUNTUALES EN EL \u00c1MBITO ARANCELARIO POR RAZONES DE ABASTECIMIENTO<\/strong><\/p>\n\n\n\n<p><strong>VISTO:&nbsp;<\/strong>El Tratado de Asunci\u00f3n, el Protocolo de Ouro Preto y la Resoluci\u00f3n No 49\/19 del Grupo Mercado Com\u00fan.<\/p>\n\n\n\n<p><strong>CONSIDERANDO:<\/strong><\/p>\n\n\n\n<p>Que la CCM analiz\u00f3 la solicitud presentada por la Rep\u00fablica&nbsp;Oriental del Uruguay para la aplicaci\u00f3n de una reducci\u00f3n temporaria respecto al Arancel Externo Com\u00fan en el marco de la situaci\u00f3n prevista en el inciso 1 del art\u00edculo 2 del Anexo de la Resoluci\u00f3n GMC No 49\/19.<\/p>\n\n\n\n<p>Que la CCM aprob\u00f3 la medida arancelaria en los t\u00e9rminos dispuestos en la presente norma.<\/p>\n\n\n\n<p><strong>LA COMISI\u00d3N DE COMERCIO DEL MERCOSUR APRUEBA LA SIGUIENTE DIRECTIVA:<\/strong><\/p>\n\n\n\n<p>Art. 1 &#8211; Aprobar en el marco de la Resoluci\u00f3n GMC No 49\/19 la\u00a0reducci\u00f3n temporaria de la al\u00edcuota del Arancel Externo Com\u00fan solicitada por la Rep\u00fablica Oriental del Uruguay, para el siguiente\u00a0\u00edtem arancelario con las correspondientes especificaciones sobre nota referencial, l\u00edmite cuantitativo, plazo y al\u00edcuota:<\/p>\n\n\n\n<p><strong>NCM 3004.39.29<\/strong><\/p>\n\n\n\n<p>Los dem\u00e1s<br>Nota Referencial: Teduglutida L\u00edmite cuantitativo: 16 unidades de 28 viales cada una<br>Plazo: 365 d\u00edas<br>Al\u00edcuota: 0%<\/p>\n\n\n\n<p>Art. 2 &#8211; Esta Directiva necesita ser incorporada solo al ordenamiento&nbsp;jur\u00eddico interno de la Rep\u00fablica Oriental del Uruguay. Esta&nbsp;incorporaci\u00f3n deber\u00e1 ser realizada antes del 17\/II\/2021. La presente&nbsp;Directiva no se aplicar\u00e1 antes del 09\/1\/2021.<\/p>\n\n\n\n<p><strong>CCM (Dec. CMC No 20\/02, Art. 6) &#8211; Montevideo, 17\/XII\/20.<\/strong><\/p>\n\n\n\n<p>Fuente: <a href=\"https:\/\/www.impo.com.uy\/diariooficial\">https:\/\/www.impo.com.uy\/diariooficial<\/a><\/p>\n","protected":false},"excerpt":{"rendered":"<p>Disp\u00f3nese la incorporaci\u00f3n al ordenamiento jur\u00eddico nacional de la Directiva No 75\/20 de la Comisi\u00f3n de Comercio del MERCOSUR. Montevideo, 6 de Abril de 2021 VISTO:&nbsp;la Directiva No 75\/20 de la Comisi\u00f3n de Comercio del Mercosur; RESULTANDO: I)&nbsp;que la mencionada&hellip;<\/p>\n","protected":false},"author":1,"featured_media":2830,"comment_status":"open","ping_status":"open","sticky":false,"template":"","format":"standard","meta":{"footnotes":""},"categories":[1],"tags":[],"post_series":[],"class_list":["post-2829","post","type-post","status-publish","format-standard","has-post-thumbnail","hentry","category-uncategorized","entry","has-media"],"_links":{"self":[{"href":"https:\/\/varelayvarela.com.uy\/index.php?rest_route=\/wp\/v2\/posts\/2829","targetHints":{"allow":["GET"]}}],"collection":[{"href":"https:\/\/varelayvarela.com.uy\/index.php?rest_route=\/wp\/v2\/posts"}],"about":[{"href":"https:\/\/varelayvarela.com.uy\/index.php?rest_route=\/wp\/v2\/types\/post"}],"author":[{"embeddable":true,"href":"https:\/\/varelayvarela.com.uy\/index.php?rest_route=\/wp\/v2\/users\/1"}],"replies":[{"embeddable":true,"href":"https:\/\/varelayvarela.com.uy\/index.php?rest_route=%2Fwp%2Fv2%2Fcomments&post=2829"}],"version-history":[{"count":1,"href":"https:\/\/varelayvarela.com.uy\/index.php?rest_route=\/wp\/v2\/posts\/2829\/revisions"}],"predecessor-version":[{"id":2831,"href":"https:\/\/varelayvarela.com.uy\/index.php?rest_route=\/wp\/v2\/posts\/2829\/revisions\/2831"}],"wp:featuredmedia":[{"embeddable":true,"href":"https:\/\/varelayvarela.com.uy\/index.php?rest_route=\/wp\/v2\/media\/2830"}],"wp:attachment":[{"href":"https:\/\/varelayvarela.com.uy\/index.php?rest_route=%2Fwp%2Fv2%2Fmedia&parent=2829"}],"wp:term":[{"taxonomy":"category","embeddable":true,"href":"https:\/\/varelayvarela.com.uy\/index.php?rest_route=%2Fwp%2Fv2%2Fcategories&post=2829"},{"taxonomy":"post_tag","embeddable":true,"href":"https:\/\/varelayvarela.com.uy\/index.php?rest_route=%2Fwp%2Fv2%2Ftags&post=2829"},{"taxonomy":"post_series","embeddable":true,"href":"https:\/\/varelayvarela.com.uy\/index.php?rest_route=%2Fwp%2Fv2%2Fpost_series&post=2829"}],"curies":[{"name":"wp","href":"https:\/\/api.w.org\/{rel}","templated":true}]}}