{"id":2622,"date":"2020-11-28T13:36:50","date_gmt":"2020-11-28T13:36:50","guid":{"rendered":"https:\/\/varelayvarela.com.uy\/?p=2622"},"modified":"2020-11-28T13:36:51","modified_gmt":"2020-11-28T13:36:51","slug":"decreto-no-309-2020","status":"publish","type":"post","link":"https:\/\/varelayvarela.com.uy\/?p=2622","title":{"rendered":"Decreto N\u00ba 309 \/ 2020"},"content":{"rendered":"\n<p>Se exonera de aportes jubilatorios patronales a la seguridad social por el per\u00edodo comprendido entre el 1o de abril de 2020 al 31 de marzo de 2021, a las empresas con local dedicadas a la organizaci\u00f3n y realizaci\u00f3n de fiestas y eventos, agencias de viajes, empresas organizadoras y proveedoras de congresos y ferias nacionales e internacionales, as\u00ed como a las empresas dedicadas al transporte terrestre de grupos tur\u00edsticos y excursiones.<\/p>\n\n\n\n<p>MINISTERIO DE TRABAJO Y SEGURIDAD SOCIAL MINISTERIO DE ECONOM\u00cdA Y FINANZAS<\/p>\n\n\n\n<p>Montevideo, 18 de Noviembre de 2020&nbsp;<strong>VISTO:&nbsp;<\/strong>lo dispuesto por la Ley No 19.913, de 30 de octubre de 2020;<\/p>\n\n\n\n<p><strong>RESULTANDO:&nbsp;<\/strong>que la mencionada Ley faculta al Poder Ejecutivo a exonerar a partir del 1o de abril de 2020 hasta el 31 de marzo de 2021 de los aportes jubilatorios patronales a la seguridad social, a las&nbsp;empresas con local dedicadas a la organizaci\u00f3n y realizaci\u00f3n de fiestas y&nbsp;eventos, agencias de viajes, empresas organizadoras y proveedoras de congresos y ferias nacionales e internacionales, as\u00ed como a las empresas dedicadas al transporte terrestre de grupos tur\u00edsticos y excursiones;<\/p>\n\n\n\n<p><strong>CONSIDERANDO:&nbsp;<\/strong>I) que la Ley No 19.913, contempla la situaci\u00f3n especial consecuencia de la emergencia nacional sanitaria dispuesta por el Poder Ejecutivo por Decreto No 93\/020, de 13 de marzo de 2020, causada a ra\u00edz de la pandemia originada por el virus COVID-19, que determin\u00f3 la paralizaci\u00f3n de actividades vinculadas a los sectores&nbsp;de actividad relacionados con fiestas, eventos, congresos, dado el&nbsp;alto riesgo que importan dichas actividades en la propagaci\u00f3n del virus Sars- S2, as\u00ed como en las actividades de las agencias de viajes y transporte tur\u00edstico dada la interrupci\u00f3n abrupta del turismo y los servicios a dicha actividad vinculados;<\/p>\n\n\n\n<p>II) que esta interrupci\u00f3n y paralizaci\u00f3n afect\u00f3 directamente la actividad de las empresas con local dedicadas a la organizaci\u00f3n y&nbsp;realizaci\u00f3n de fiestas y eventos y a quienes contratan servicios con&nbsp;ellas, agencias de viajes, empresas organizadoras y proveedoras de congresos y ferias nacionales e internacionales, as\u00ed como a las empresas dedicadas al transporte terrestre de grupos tur\u00edsticos y excursiones;<\/p>\n\n\n\n<p>III) que debe determinarse la exoneraci\u00f3n facultada por ley, la identificaci\u00f3n del giro de las empresas beneficiarias, los medios de prueba correspondientes y el per\u00edodo durante el cual rige la exoneraci\u00f3n;<\/p>\n\n\n\n<p><strong>ATENTO:&nbsp;<\/strong>a lo expuesto, a lo dispuesto por el numeral 4o) del art\u00edculo 168 de la Constituci\u00f3n de la Rep\u00fablica, y la Ley No 19.913, de 30 de octubre de 2020;<\/p>\n\n\n\n<p><strong>EL PRESIDENTE DE LA REP\u00daBLICA<\/strong>\u00a0<strong>DECRETA:<\/strong><\/p>\n\n\n\n<p><strong>Art\u00edculo 1o.-&nbsp;<\/strong>Exon\u00e9rase de aportes jubilatorios patronales a la seguridad social por el periodo 1o de abril de 2020 al 31 de marzo de 2021, a las empresas con local dedicadas a la organizaci\u00f3n y realizaci\u00f3n&nbsp;de fiestas y eventos, agencias de viajes, empresas organizadoras y&nbsp;proveedoras de congresos y ferias nacionales e internacionales, as\u00ed como a las empresas dedicadas al transporte terrestre de grupos tur\u00edsticos y excursiones.<\/p>\n\n\n\n<p><strong>Art\u00edculo 2o.-\u00a0<\/strong>Fac\u00faltase al Banco de Previsi\u00f3n Social a determinar los requisitos formales que las empresas comprendidas deber\u00e1n cumplir para acceder a la exoneraci\u00f3n dispuesta en el presente.<\/p>\n\n\n\n<p><strong>Art\u00edculo 3o.-\u00a0<\/strong>Comun\u00edquese, publ\u00edquese, etc.<br><strong>LACALLE POU LUIS<\/strong>; PABLO MIERES; AZUCENA ARBELECHE.<\/p>\n\n\n\n<p>Fuente: <a href=\"https:\/\/www.impo.com.uy\/diariooficial\/2020\/11\/25\">https:\/\/www.impo.com.uy\/diariooficial\/2020\/11\/25<\/a><\/p>\n","protected":false},"excerpt":{"rendered":"<p>Se exonera de aportes jubilatorios patronales a la seguridad social por el per\u00edodo comprendido entre el 1o de abril de 2020 al 31 de marzo de 2021, a las empresas con local dedicadas a la organizaci\u00f3n y realizaci\u00f3n de fiestas&hellip;<\/p>\n","protected":false},"author":1,"featured_media":2623,"comment_status":"open","ping_status":"open","sticky":false,"template":"","format":"standard","meta":{"footnotes":""},"categories":[1],"tags":[],"post_series":[],"class_list":["post-2622","post","type-post","status-publish","format-standard","has-post-thumbnail","hentry","category-uncategorized","entry","has-media"],"_links":{"self":[{"href":"https:\/\/varelayvarela.com.uy\/index.php?rest_route=\/wp\/v2\/posts\/2622","targetHints":{"allow":["GET"]}}],"collection":[{"href":"https:\/\/varelayvarela.com.uy\/index.php?rest_route=\/wp\/v2\/posts"}],"about":[{"href":"https:\/\/varelayvarela.com.uy\/index.php?rest_route=\/wp\/v2\/types\/post"}],"author":[{"embeddable":true,"href":"https:\/\/varelayvarela.com.uy\/index.php?rest_route=\/wp\/v2\/users\/1"}],"replies":[{"embeddable":true,"href":"https:\/\/varelayvarela.com.uy\/index.php?rest_route=%2Fwp%2Fv2%2Fcomments&post=2622"}],"version-history":[{"count":1,"href":"https:\/\/varelayvarela.com.uy\/index.php?rest_route=\/wp\/v2\/posts\/2622\/revisions"}],"predecessor-version":[{"id":2624,"href":"https:\/\/varelayvarela.com.uy\/index.php?rest_route=\/wp\/v2\/posts\/2622\/revisions\/2624"}],"wp:featuredmedia":[{"embeddable":true,"href":"https:\/\/varelayvarela.com.uy\/index.php?rest_route=\/wp\/v2\/media\/2623"}],"wp:attachment":[{"href":"https:\/\/varelayvarela.com.uy\/index.php?rest_route=%2Fwp%2Fv2%2Fmedia&parent=2622"}],"wp:term":[{"taxonomy":"category","embeddable":true,"href":"https:\/\/varelayvarela.com.uy\/index.php?rest_route=%2Fwp%2Fv2%2Fcategories&post=2622"},{"taxonomy":"post_tag","embeddable":true,"href":"https:\/\/varelayvarela.com.uy\/index.php?rest_route=%2Fwp%2Fv2%2Ftags&post=2622"},{"taxonomy":"post_series","embeddable":true,"href":"https:\/\/varelayvarela.com.uy\/index.php?rest_route=%2Fwp%2Fv2%2Fpost_series&post=2622"}],"curies":[{"name":"wp","href":"https:\/\/api.w.org\/{rel}","templated":true}]}}