{"id":2615,"date":"2020-11-28T13:16:44","date_gmt":"2020-11-28T13:16:44","guid":{"rendered":"https:\/\/varelayvarela.com.uy\/?p=2615"},"modified":"2020-11-28T13:16:46","modified_gmt":"2020-11-28T13:16:46","slug":"decreto-no-304-2020","status":"publish","type":"post","link":"https:\/\/varelayvarela.com.uy\/?p=2615","title":{"rendered":"Decreto N\u00ba 304 \/ 2020"},"content":{"rendered":"\n<p>Se dispone una rebaja del I.V.A. en alta temporada para ciertas operaciones, en el marco del Decreto N\u00ba 537\/005, a partir del 16 de noviembre de 2020 y hasta el 4 de abril de 2021.<\/p>\n\n\n\n<p>MINISTERIO DE ECONOM\u00cdA Y FINANZAS<\/p>\n\n\n\n<p>Montevideo, 13 de Noviembre de 2020\u00a0<\/p>\n\n\n\n<p><strong>VISTO:\u00a0<\/strong>la Ley No 17.934, de 26 de diciembre de 2005;<\/p>\n\n\n\n<p><strong>RESULTANDO: I)&nbsp;<\/strong>que la referida norma facult\u00f3 al Poder Ejecutivo a establecer una rebaja del Impuesto al Valor Agregado en un conjunto de operaciones vinculadas al turismo, siempre que la contraprestaci\u00f3n se efect\u00fae mediante el uso de ciertos medios de pago electr\u00f3nico;<\/p>\n\n\n\n<p><strong>II)&nbsp;<\/strong>que el Decreto No 537\/005, de 26 de diciembre de 2005, hizo uso de la facultad mencionada y reglament\u00f3 la rebaja referida;<\/p>\n\n\n\n<p><strong>III)&nbsp;<\/strong>que, en el marco de las medidas tendientes al abatimiento del&nbsp;d\u00e9ficit fiscal, el Decreto No 97\/020, de 11 de marzo de 2020, dispuso&nbsp;una disminuci\u00f3n de la rebaja del Impuesto al Valor Agregado aplicable a las operaciones referidas, llev\u00e1ndola de nueve a cinco puntos porcentuales;<\/p>\n\n\n\n<p><strong>CONSIDERANDO: I)&nbsp;<\/strong>que las medidas sanitarias dispuestas por el Poder Ejecutivo en el marco de la pandemia ocasionada por el virus SARS CoV-2, podr\u00edan tener un impacto negativo en el sector tur\u00edstico;<\/p>\n\n\n\n<p><strong>II)&nbsp;<\/strong>que resulta necesario contribuir a una mejora de las condiciones de competencia de dicho sector, utilizando la facultad referida para llevar al m\u00e1ximo autorizado la rebaja de la al\u00edcuota del Impuesto al valor Agregado, a efectos de generar un impulso relevante para el sector tur\u00edstico, en la mencionada coyuntura;<\/p>\n\n\n\n<p><strong>ATENTO:&nbsp;<\/strong>a lo expuesto;<\/p>\n\n\n\n<p><strong>ART\u00cdCULO 2o.- (Vigencia).-&nbsp;<\/strong>Lo dispuesto en el presente Decreto regir\u00e1 a partir del 16 de noviembre de 2020.<\/p>\n\n\n\n<p><strong>ART\u00cdCULO 3o.-\u00a0<\/strong>Comun\u00edquese, publ\u00edquese y arch\u00edvese.\u00a0<strong>LACALLE POU LUIS<\/strong>; AZUCENA ARBELECHE.<\/p>\n\n\n\n<p>Fuente: <a href=\"https:\/\/www.impo.com.uy\/diariooficial\/2020\/11\/20\">https:\/\/www.impo.com.uy\/diariooficial\/2020\/11\/20<\/a><\/p>\n","protected":false},"excerpt":{"rendered":"<p>Se dispone una rebaja del I.V.A. en alta temporada para ciertas operaciones, en el marco del Decreto N\u00ba 537\/005, a partir del 16 de noviembre de 2020 y hasta el 4 de abril de 2021. MINISTERIO DE ECONOM\u00cdA Y FINANZAS&hellip;<\/p>\n","protected":false},"author":1,"featured_media":2616,"comment_status":"open","ping_status":"open","sticky":false,"template":"","format":"standard","meta":{"footnotes":""},"categories":[1],"tags":[],"post_series":[],"class_list":["post-2615","post","type-post","status-publish","format-standard","has-post-thumbnail","hentry","category-uncategorized","entry","has-media"],"_links":{"self":[{"href":"https:\/\/varelayvarela.com.uy\/index.php?rest_route=\/wp\/v2\/posts\/2615","targetHints":{"allow":["GET"]}}],"collection":[{"href":"https:\/\/varelayvarela.com.uy\/index.php?rest_route=\/wp\/v2\/posts"}],"about":[{"href":"https:\/\/varelayvarela.com.uy\/index.php?rest_route=\/wp\/v2\/types\/post"}],"author":[{"embeddable":true,"href":"https:\/\/varelayvarela.com.uy\/index.php?rest_route=\/wp\/v2\/users\/1"}],"replies":[{"embeddable":true,"href":"https:\/\/varelayvarela.com.uy\/index.php?rest_route=%2Fwp%2Fv2%2Fcomments&post=2615"}],"version-history":[{"count":1,"href":"https:\/\/varelayvarela.com.uy\/index.php?rest_route=\/wp\/v2\/posts\/2615\/revisions"}],"predecessor-version":[{"id":2617,"href":"https:\/\/varelayvarela.com.uy\/index.php?rest_route=\/wp\/v2\/posts\/2615\/revisions\/2617"}],"wp:featuredmedia":[{"embeddable":true,"href":"https:\/\/varelayvarela.com.uy\/index.php?rest_route=\/wp\/v2\/media\/2616"}],"wp:attachment":[{"href":"https:\/\/varelayvarela.com.uy\/index.php?rest_route=%2Fwp%2Fv2%2Fmedia&parent=2615"}],"wp:term":[{"taxonomy":"category","embeddable":true,"href":"https:\/\/varelayvarela.com.uy\/index.php?rest_route=%2Fwp%2Fv2%2Fcategories&post=2615"},{"taxonomy":"post_tag","embeddable":true,"href":"https:\/\/varelayvarela.com.uy\/index.php?rest_route=%2Fwp%2Fv2%2Ftags&post=2615"},{"taxonomy":"post_series","embeddable":true,"href":"https:\/\/varelayvarela.com.uy\/index.php?rest_route=%2Fwp%2Fv2%2Fpost_series&post=2615"}],"curies":[{"name":"wp","href":"https:\/\/api.w.org\/{rel}","templated":true}]}}